{"id":182,"date":"2024-09-10T15:21:30","date_gmt":"2024-09-10T15:21:30","guid":{"rendered":"https:\/\/swiatlekarzy.pl\/index.php\/2024\/09\/10\/kiedy-nalezy-udac-sie-do-lekarza-specjalisty\/"},"modified":"2024-09-12T06:00:07","modified_gmt":"2024-09-12T06:00:07","slug":"kiedy-nalezy-udac-sie-do-lekarza-specjalisty","status":"publish","type":"post","link":"https:\/\/swiatlekarzy.pl\/index.php\/2024\/09\/10\/kiedy-nalezy-udac-sie-do-lekarza-specjalisty\/","title":{"rendered":"Kiedy nale\u017cy uda\u0107 si\u0119 do lekarza specjalisty?"},"content":{"rendered":"<p>Decyzja o wizycie u lekarza specjalisty mo\u017ce by\u0107 trudna, zw\u0142aszcza gdy objawy s\u0105 niejasne lub nieznaczne. Warto jednak wiedzie\u0107, kiedy konsultacja z ekspertem jest niezb\u0119dna, aby unikn\u0105\u0107 powa\u017cniejszych problem\u00f3w zdrowotnych. W tym artykule om\u00f3wimy, w jakich sytuacjach warto uda\u0107 si\u0119 do lekarza specjalisty oraz jakie objawy powinny nas zaniepokoi\u0107.<\/p>\n<h2>Objawy wymagaj\u0105ce konsultacji ze specjalist\u0105<\/h2>\n<p>Niekt\u00f3re objawy mog\u0105 by\u0107 sygna\u0142em powa\u017cniejszych problem\u00f3w zdrowotnych i wymagaj\u0105 natychmiastowej konsultacji z lekarzem specjalist\u0105. Poni\u017cej przedstawiamy najwa\u017cniejsze z nich:<\/p>\n<h3>Przewlek\u0142y b\u00f3l<\/h3>\n<p>B\u00f3l, kt\u00f3ry utrzymuje si\u0119 przez d\u0142u\u017cszy czas, mo\u017ce by\u0107 oznak\u0105 powa\u017cnych schorze\u0144. Przewlek\u0142y b\u00f3l plec\u00f3w, staw\u00f3w czy g\u0142owy powinien by\u0107 skonsultowany z odpowiednim specjalist\u0105, takim jak neurolog, reumatolog czy ortopeda. Ignorowanie przewlek\u0142ego b\u00f3lu mo\u017ce prowadzi\u0107 do pogorszenia stanu zdrowia i trudno\u015bci w codziennym funkcjonowaniu.<\/p>\n<h3>Zmiany sk\u00f3rne<\/h3>\n<p>Zmiany na sk\u00f3rze, takie jak nowe znamiona, plamy, owrzodzenia czy sw\u0119dzenie, mog\u0105 by\u0107 objawem chor\u00f3b dermatologicznych, a nawet nowotwor\u00f3w sk\u00f3ry. Warto uda\u0107 si\u0119 do dermatologa, aby oceni\u0107 te zmiany i, je\u015bli to konieczne, podj\u0105\u0107 odpowiednie leczenie.<\/p>\n<h3>Problemy z oddychaniem<\/h3>\n<p>Trudno\u015bci w oddychaniu, duszno\u015bci czy przewlek\u0142y kaszel mog\u0105 by\u0107 objawem chor\u00f3b uk\u0142adu oddechowego, takich jak astma, przewlek\u0142a obturacyjna choroba p\u0142uc (POChP) czy infekcje p\u0142uc. W takich przypadkach warto skonsultowa\u0107 si\u0119 z pulmonologiem, kt\u00f3ry przeprowadzi odpowiednie badania i zaleci leczenie.<\/p>\n<h3>Problemy z sercem<\/h3>\n<p>B\u00f3le w klatce piersiowej, ko\u0142atanie serca, duszno\u015bci czy obrz\u0119ki n\u00f3g mog\u0105 by\u0107 objawem chor\u00f3b serca. Warto uda\u0107 si\u0119 do kardiologa, aby oceni\u0107 stan serca i uk\u0142adu kr\u0105\u017cenia oraz podj\u0105\u0107 odpowiednie kroki w celu poprawy zdrowia.<\/p>\n<h3>Problemy z uk\u0142adem pokarmowym<\/h3>\n<p>Przewlek\u0142e b\u00f3le brzucha, wzd\u0119cia, biegunki, zaparcia czy krwawienia z przewodu pokarmowego mog\u0105 by\u0107 objawem chor\u00f3b uk\u0142adu pokarmowego, takich jak wrzody, choroba Crohna czy nowotwory. W takich przypadkach warto skonsultowa\u0107 si\u0119 z gastroenterologiem, kt\u00f3ry przeprowadzi odpowiednie badania i zaleci leczenie.<\/p>\n<h2>Jak przygotowa\u0107 si\u0119 do wizyty u specjalisty?<\/h2>\n<p>Wizyta u lekarza specjalisty mo\u017ce by\u0107 stresuj\u0105ca, dlatego warto si\u0119 do niej odpowiednio przygotowa\u0107. Poni\u017cej przedstawiamy kilka wskaz\u00f3wek, kt\u00f3re mog\u0105 pom\u00f3c w przygotowaniu si\u0119 do konsultacji:<\/p>\n<h3>Zbierz informacje o swoich objawach<\/h3>\n<p>Przed wizyt\u0105 u specjalisty warto spisa\u0107 wszystkie objawy, kt\u00f3re nas niepokoj\u0105. Nale\u017cy zwr\u00f3ci\u0107 uwag\u0119 na ich intensywno\u015b\u0107, cz\u0119stotliwo\u015b\u0107 oraz okoliczno\u015bci, w jakich si\u0119 pojawiaj\u0105. Im wi\u0119cej informacji przeka\u017cemy lekarzowi, tym \u0142atwiej b\u0119dzie mu postawi\u0107 diagnoz\u0119.<\/p>\n<h3>Przygotuj list\u0119 przyjmowanych lek\u00f3w<\/h3>\n<p>Warto przygotowa\u0107 list\u0119 wszystkich lek\u00f3w, kt\u00f3re przyjmujemy, zar\u00f3wno na recept\u0119, jak i bez recepty. Nale\u017cy r\u00f3wnie\u017c uwzgl\u0119dni\u0107 suplementy diety oraz zio\u0142a. Informacje te mog\u0105 by\u0107 istotne dla lekarza, aby unikn\u0105\u0107 interakcji mi\u0119dzy lekami oraz dostosowa\u0107 leczenie do naszych potrzeb.<\/p>\n<h3>Przygotuj pytania do lekarza<\/h3>\n<p>Przed wizyt\u0105 warto zastanowi\u0107 si\u0119, jakie pytania chcemy zada\u0107 lekarzowi. Mo\u017ce to dotyczy\u0107 zar\u00f3wno diagnozy, jak i planu leczenia, ewentualnych bada\u0144 czy zalece\u0144 dotycz\u0105cych stylu \u017cycia. Spisanie pyta\u0144 pomo\u017ce nam nie zapomnie\u0107 o wa\u017cnych kwestiach podczas konsultacji.<\/p>\n<h3>Zabierz ze sob\u0105 wyniki bada\u0144<\/h3>\n<p>Je\u015bli posiadamy wyniki bada\u0144, kt\u00f3re mog\u0105 by\u0107 istotne dla diagnozy, warto zabra\u0107 je ze sob\u0105 na wizyt\u0119. Mog\u0105 to by\u0107 wyniki bada\u0144 krwi, obrazowych (np. RTG, MRI) czy innych test\u00f3w diagnostycznych. Dzi\u0119ki temu lekarz b\u0119dzie mia\u0142 pe\u0142niejszy obraz naszego stanu zdrowia.<\/p>\n<h2>Znaczenie regularnych wizyt kontrolnych<\/h2>\n<p>Regularne wizyty kontrolne u lekarza specjalisty s\u0105 kluczowe dla utrzymania dobrego stanu zdrowia. Nawet je\u015bli nie odczuwamy \u017cadnych objaw\u00f3w, warto regularnie konsultowa\u0107 si\u0119 z lekarzem, aby monitorowa\u0107 stan zdrowia i wykrywa\u0107 ewentualne problemy na wczesnym etapie.<\/p>\n<h3>Profilaktyka<\/h3>\n<p>Regularne wizyty kontrolne pozwalaj\u0105 na wczesne wykrycie i leczenie wielu chor\u00f3b, zanim stan\u0105 si\u0119 powa\u017cnym problemem. Profilaktyka jest kluczowa w zapobieganiu chorobom serca, nowotworom, cukrzycy i wielu innym schorzeniom. Warto pami\u0119ta\u0107, \u017ce wczesne wykrycie choroby zwi\u0119ksza szanse na skuteczne leczenie.<\/p>\n<h3>Monitorowanie stanu zdrowia<\/h3>\n<p>Regularne wizyty u specjalisty pozwalaj\u0105 na monitorowanie stanu zdrowia i dostosowywanie leczenia w miar\u0119 potrzeb. Dzi\u0119ki temu mo\u017cemy unikn\u0105\u0107 powik\u0142a\u0144 i poprawi\u0107 jako\u015b\u0107 \u017cycia. Lekarz specjalista mo\u017ce r\u00f3wnie\u017c doradzi\u0107, jakie badania kontrolne warto wykona\u0107 oraz jakie zmiany w stylu \u017cycia mog\u0105 przynie\u015b\u0107 korzy\u015bci zdrowotne.<\/p>\n<h3>Wsparcie emocjonalne<\/h3>\n<p>Wizyty u specjalisty mog\u0105 r\u00f3wnie\u017c stanowi\u0107 wsparcie emocjonalne dla pacjenta. Lekarz mo\u017ce pom\u00f3c w radzeniu sobie z l\u0119kiem i stresem zwi\u0105zanym z chorob\u0105 oraz udzieli\u0107 informacji na temat dost\u0119pnych form wsparcia, takich jak grupy wsparcia czy terapia psychologiczna.<\/p>\n<h2>Podsumowanie<\/h2>\n<p>Decyzja o wizycie u lekarza specjalisty jest kluczowa dla utrzymania dobrego stanu zdrowia. Warto zwraca\u0107 uwag\u0119 na objawy, kt\u00f3re mog\u0105 wskazywa\u0107 na powa\u017cniejsze problemy zdrowotne, i nie zwleka\u0107 z konsultacj\u0105. Przygotowanie si\u0119 do wizyty oraz regularne kontrole u specjalist\u00f3w pozwalaj\u0105 na wczesne wykrycie i leczenie wielu chor\u00f3b, co przek\u0142ada si\u0119 na lepsz\u0105 jako\u015b\u0107 \u017cycia i d\u0142u\u017csze zdrowie. Pami\u0119tajmy, \u017ce profilaktyka i monitorowanie stanu zdrowia s\u0105 kluczowe dla naszego dobrostanu.<\/p>\n","protected":false},"excerpt":{"rendered":"<p>Decyzja o wizycie u lekarza specjalisty mo\u017ce by\u0107 trudna, zw\u0142aszcza gdy objawy s\u0105 niejasne lub nieznaczne. Warto jednak wiedzie\u0107, kiedy konsultacja z ekspertem jest niezb\u0119dna, aby unikn\u0105\u0107 powa\u017cniejszych problem\u00f3w zdrowotnych.&hellip;<\/p>\n","protected":false},"author":1,"featured_media":200,"comment_status":"closed","ping_status":"open","sticky":false,"template":"","format":"standard","meta":{"footnotes":""},"categories":[1],"tags":[],"class_list":["post-182","post","type-post","status-publish","format-standard","has-post-thumbnail","hentry","category-lekarze"],"yoast_head":"<!-- This site is optimized with the Yoast SEO plugin v27.2 - https:\/\/yoast.com\/product\/yoast-seo-wordpress\/ -->\n<title>Kiedy nale\u017cy uda\u0107 si\u0119 do lekarza specjalisty? - \u015awiat lekarzy<\/title>\n<meta name=\"robots\" content=\"index, follow, max-snippet:-1, max-image-preview:large, max-video-preview:-1\" \/>\n<link rel=\"canonical\" href=\"https:\/\/swiatlekarzy.pl\/index.php\/2024\/09\/10\/kiedy-nalezy-udac-sie-do-lekarza-specjalisty\/\" \/>\n<meta property=\"og:locale\" content=\"pl_PL\" \/>\n<meta property=\"og:type\" content=\"article\" \/>\n<meta property=\"og:title\" content=\"Kiedy nale\u017cy uda\u0107 si\u0119 do lekarza specjalisty? - \u015awiat lekarzy\" \/>\n<meta property=\"og:description\" content=\"Decyzja o wizycie u lekarza specjalisty mo\u017ce by\u0107 trudna, zw\u0142aszcza gdy objawy s\u0105 niejasne lub nieznaczne. Warto jednak wiedzie\u0107, kiedy konsultacja z ekspertem jest niezb\u0119dna, aby unikn\u0105\u0107 powa\u017cniejszych problem\u00f3w zdrowotnych.&hellip;\" \/>\n<meta property=\"og:url\" content=\"https:\/\/swiatlekarzy.pl\/index.php\/2024\/09\/10\/kiedy-nalezy-udac-sie-do-lekarza-specjalisty\/\" \/>\n<meta property=\"og:site_name\" content=\"\u015awiat lekarzy\" \/>\n<meta property=\"article:published_time\" content=\"2024-09-10T15:21:30+00:00\" \/>\n<meta property=\"article:modified_time\" content=\"2024-09-12T06:00:07+00:00\" \/>\n<meta property=\"og:image\" content=\"https:\/\/swiatlekarzy.pl\/wp-content\/uploads\/2024\/09\/2148285731.jpg\" \/>\n\t<meta property=\"og:image:width\" content=\"1000\" \/>\n\t<meta property=\"og:image:height\" content=\"667\" \/>\n\t<meta property=\"og:image:type\" content=\"image\/jpeg\" \/>\n<meta name=\"author\" content=\"admin\" \/>\n<meta name=\"twitter:card\" content=\"summary_large_image\" \/>\n<meta name=\"twitter:label1\" content=\"Napisane przez\" \/>\n\t<meta name=\"twitter:data1\" content=\"admin\" \/>\n\t<meta name=\"twitter:label2\" content=\"Szacowany czas czytania\" \/>\n\t<meta name=\"twitter:data2\" content=\"5 minut\" \/>\n<script type=\"application\/ld+json\" class=\"yoast-schema-graph\">{\"@context\":\"https:\/\/schema.org\",\"@graph\":[{\"@type\":\"Article\",\"@id\":\"https:\/\/swiatlekarzy.pl\/index.php\/2024\/09\/10\/kiedy-nalezy-udac-sie-do-lekarza-specjalisty\/#article\",\"isPartOf\":{\"@id\":\"https:\/\/swiatlekarzy.pl\/index.php\/2024\/09\/10\/kiedy-nalezy-udac-sie-do-lekarza-specjalisty\/\"},\"author\":{\"name\":\"admin\",\"@id\":\"https:\/\/swiatlekarzy.pl\/#\/schema\/person\/15771394dd49b5a21fbd960a2ec3754b\"},\"headline\":\"Kiedy nale\u017cy uda\u0107 si\u0119 do lekarza specjalisty?\",\"datePublished\":\"2024-09-10T15:21:30+00:00\",\"dateModified\":\"2024-09-12T06:00:07+00:00\",\"mainEntityOfPage\":{\"@id\":\"https:\/\/swiatlekarzy.pl\/index.php\/2024\/09\/10\/kiedy-nalezy-udac-sie-do-lekarza-specjalisty\/\"},\"wordCount\":851,\"image\":{\"@id\":\"https:\/\/swiatlekarzy.pl\/index.php\/2024\/09\/10\/kiedy-nalezy-udac-sie-do-lekarza-specjalisty\/#primaryimage\"},\"thumbnailUrl\":\"https:\/\/swiatlekarzy.pl\/wp-content\/uploads\/2024\/09\/2148285731.jpg\",\"articleSection\":[\"lekarze\"],\"inLanguage\":\"pl-PL\"},{\"@type\":\"WebPage\",\"@id\":\"https:\/\/swiatlekarzy.pl\/index.php\/2024\/09\/10\/kiedy-nalezy-udac-sie-do-lekarza-specjalisty\/\",\"url\":\"https:\/\/swiatlekarzy.pl\/index.php\/2024\/09\/10\/kiedy-nalezy-udac-sie-do-lekarza-specjalisty\/\",\"name\":\"Kiedy nale\u017cy uda\u0107 si\u0119 do lekarza specjalisty? - \u015awiat lekarzy\",\"isPartOf\":{\"@id\":\"https:\/\/swiatlekarzy.pl\/#website\"},\"primaryImageOfPage\":{\"@id\":\"https:\/\/swiatlekarzy.pl\/index.php\/2024\/09\/10\/kiedy-nalezy-udac-sie-do-lekarza-specjalisty\/#primaryimage\"},\"image\":{\"@id\":\"https:\/\/swiatlekarzy.pl\/index.php\/2024\/09\/10\/kiedy-nalezy-udac-sie-do-lekarza-specjalisty\/#primaryimage\"},\"thumbnailUrl\":\"https:\/\/swiatlekarzy.pl\/wp-content\/uploads\/2024\/09\/2148285731.jpg\",\"datePublished\":\"2024-09-10T15:21:30+00:00\",\"dateModified\":\"2024-09-12T06:00:07+00:00\",\"author\":{\"@id\":\"https:\/\/swiatlekarzy.pl\/#\/schema\/person\/15771394dd49b5a21fbd960a2ec3754b\"},\"breadcrumb\":{\"@id\":\"https:\/\/swiatlekarzy.pl\/index.php\/2024\/09\/10\/kiedy-nalezy-udac-sie-do-lekarza-specjalisty\/#breadcrumb\"},\"inLanguage\":\"pl-PL\",\"potentialAction\":[{\"@type\":\"ReadAction\",\"target\":[\"https:\/\/swiatlekarzy.pl\/index.php\/2024\/09\/10\/kiedy-nalezy-udac-sie-do-lekarza-specjalisty\/\"]}]},{\"@type\":\"ImageObject\",\"inLanguage\":\"pl-PL\",\"@id\":\"https:\/\/swiatlekarzy.pl\/index.php\/2024\/09\/10\/kiedy-nalezy-udac-sie-do-lekarza-specjalisty\/#primaryimage\",\"url\":\"https:\/\/swiatlekarzy.pl\/wp-content\/uploads\/2024\/09\/2148285731.jpg\",\"contentUrl\":\"https:\/\/swiatlekarzy.pl\/wp-content\/uploads\/2024\/09\/2148285731.jpg\",\"width\":1000,\"height\":667},{\"@type\":\"BreadcrumbList\",\"@id\":\"https:\/\/swiatlekarzy.pl\/index.php\/2024\/09\/10\/kiedy-nalezy-udac-sie-do-lekarza-specjalisty\/#breadcrumb\",\"itemListElement\":[{\"@type\":\"ListItem\",\"position\":1,\"name\":\"Strona g\u0142\u00f3wna\",\"item\":\"https:\/\/swiatlekarzy.pl\/\"},{\"@type\":\"ListItem\",\"position\":2,\"name\":\"Kiedy nale\u017cy uda\u0107 si\u0119 do lekarza specjalisty?\"}]},{\"@type\":\"WebSite\",\"@id\":\"https:\/\/swiatlekarzy.pl\/#website\",\"url\":\"https:\/\/swiatlekarzy.pl\/\",\"name\":\"\u015awiat lekarzy\",\"description\":\"portal dla lekarzy\",\"potentialAction\":[{\"@type\":\"SearchAction\",\"target\":{\"@type\":\"EntryPoint\",\"urlTemplate\":\"https:\/\/swiatlekarzy.pl\/?s={search_term_string}\"},\"query-input\":{\"@type\":\"PropertyValueSpecification\",\"valueRequired\":true,\"valueName\":\"search_term_string\"}}],\"inLanguage\":\"pl-PL\"},{\"@type\":\"Person\",\"@id\":\"https:\/\/swiatlekarzy.pl\/#\/schema\/person\/15771394dd49b5a21fbd960a2ec3754b\",\"name\":\"admin\",\"image\":{\"@type\":\"ImageObject\",\"inLanguage\":\"pl-PL\",\"@id\":\"https:\/\/secure.gravatar.com\/avatar\/4e609b381659f1df9d3dea107e3c05fa9ad22a194ec1799dd9a433deddc1fe2c?s=96&d=mm&r=g\",\"url\":\"https:\/\/secure.gravatar.com\/avatar\/4e609b381659f1df9d3dea107e3c05fa9ad22a194ec1799dd9a433deddc1fe2c?s=96&d=mm&r=g\",\"contentUrl\":\"https:\/\/secure.gravatar.com\/avatar\/4e609b381659f1df9d3dea107e3c05fa9ad22a194ec1799dd9a433deddc1fe2c?s=96&d=mm&r=g\",\"caption\":\"admin\"},\"sameAs\":[\"https:\/\/swiatlekarzy.pl\"],\"url\":\"https:\/\/swiatlekarzy.pl\/index.php\/author\/admin\/\"}]}<\/script>\n<!-- \/ Yoast SEO plugin. -->","yoast_head_json":{"title":"Kiedy nale\u017cy uda\u0107 si\u0119 do lekarza specjalisty? - \u015awiat lekarzy","robots":{"index":"index","follow":"follow","max-snippet":"max-snippet:-1","max-image-preview":"max-image-preview:large","max-video-preview":"max-video-preview:-1"},"canonical":"https:\/\/swiatlekarzy.pl\/index.php\/2024\/09\/10\/kiedy-nalezy-udac-sie-do-lekarza-specjalisty\/","og_locale":"pl_PL","og_type":"article","og_title":"Kiedy nale\u017cy uda\u0107 si\u0119 do lekarza specjalisty? - \u015awiat lekarzy","og_description":"Decyzja o wizycie u lekarza specjalisty mo\u017ce by\u0107 trudna, zw\u0142aszcza gdy objawy s\u0105 niejasne lub nieznaczne. Warto jednak wiedzie\u0107, kiedy konsultacja z ekspertem jest niezb\u0119dna, aby unikn\u0105\u0107 powa\u017cniejszych problem\u00f3w zdrowotnych.&hellip;","og_url":"https:\/\/swiatlekarzy.pl\/index.php\/2024\/09\/10\/kiedy-nalezy-udac-sie-do-lekarza-specjalisty\/","og_site_name":"\u015awiat lekarzy","article_published_time":"2024-09-10T15:21:30+00:00","article_modified_time":"2024-09-12T06:00:07+00:00","og_image":[{"width":1000,"height":667,"url":"https:\/\/swiatlekarzy.pl\/wp-content\/uploads\/2024\/09\/2148285731.jpg","type":"image\/jpeg"}],"author":"admin","twitter_card":"summary_large_image","twitter_misc":{"Napisane przez":"admin","Szacowany czas czytania":"5 minut"},"schema":{"@context":"https:\/\/schema.org","@graph":[{"@type":"Article","@id":"https:\/\/swiatlekarzy.pl\/index.php\/2024\/09\/10\/kiedy-nalezy-udac-sie-do-lekarza-specjalisty\/#article","isPartOf":{"@id":"https:\/\/swiatlekarzy.pl\/index.php\/2024\/09\/10\/kiedy-nalezy-udac-sie-do-lekarza-specjalisty\/"},"author":{"name":"admin","@id":"https:\/\/swiatlekarzy.pl\/#\/schema\/person\/15771394dd49b5a21fbd960a2ec3754b"},"headline":"Kiedy nale\u017cy uda\u0107 si\u0119 do lekarza specjalisty?","datePublished":"2024-09-10T15:21:30+00:00","dateModified":"2024-09-12T06:00:07+00:00","mainEntityOfPage":{"@id":"https:\/\/swiatlekarzy.pl\/index.php\/2024\/09\/10\/kiedy-nalezy-udac-sie-do-lekarza-specjalisty\/"},"wordCount":851,"image":{"@id":"https:\/\/swiatlekarzy.pl\/index.php\/2024\/09\/10\/kiedy-nalezy-udac-sie-do-lekarza-specjalisty\/#primaryimage"},"thumbnailUrl":"https:\/\/swiatlekarzy.pl\/wp-content\/uploads\/2024\/09\/2148285731.jpg","articleSection":["lekarze"],"inLanguage":"pl-PL"},{"@type":"WebPage","@id":"https:\/\/swiatlekarzy.pl\/index.php\/2024\/09\/10\/kiedy-nalezy-udac-sie-do-lekarza-specjalisty\/","url":"https:\/\/swiatlekarzy.pl\/index.php\/2024\/09\/10\/kiedy-nalezy-udac-sie-do-lekarza-specjalisty\/","name":"Kiedy nale\u017cy uda\u0107 si\u0119 do lekarza specjalisty? - \u015awiat lekarzy","isPartOf":{"@id":"https:\/\/swiatlekarzy.pl\/#website"},"primaryImageOfPage":{"@id":"https:\/\/swiatlekarzy.pl\/index.php\/2024\/09\/10\/kiedy-nalezy-udac-sie-do-lekarza-specjalisty\/#primaryimage"},"image":{"@id":"https:\/\/swiatlekarzy.pl\/index.php\/2024\/09\/10\/kiedy-nalezy-udac-sie-do-lekarza-specjalisty\/#primaryimage"},"thumbnailUrl":"https:\/\/swiatlekarzy.pl\/wp-content\/uploads\/2024\/09\/2148285731.jpg","datePublished":"2024-09-10T15:21:30+00:00","dateModified":"2024-09-12T06:00:07+00:00","author":{"@id":"https:\/\/swiatlekarzy.pl\/#\/schema\/person\/15771394dd49b5a21fbd960a2ec3754b"},"breadcrumb":{"@id":"https:\/\/swiatlekarzy.pl\/index.php\/2024\/09\/10\/kiedy-nalezy-udac-sie-do-lekarza-specjalisty\/#breadcrumb"},"inLanguage":"pl-PL","potentialAction":[{"@type":"ReadAction","target":["https:\/\/swiatlekarzy.pl\/index.php\/2024\/09\/10\/kiedy-nalezy-udac-sie-do-lekarza-specjalisty\/"]}]},{"@type":"ImageObject","inLanguage":"pl-PL","@id":"https:\/\/swiatlekarzy.pl\/index.php\/2024\/09\/10\/kiedy-nalezy-udac-sie-do-lekarza-specjalisty\/#primaryimage","url":"https:\/\/swiatlekarzy.pl\/wp-content\/uploads\/2024\/09\/2148285731.jpg","contentUrl":"https:\/\/swiatlekarzy.pl\/wp-content\/uploads\/2024\/09\/2148285731.jpg","width":1000,"height":667},{"@type":"BreadcrumbList","@id":"https:\/\/swiatlekarzy.pl\/index.php\/2024\/09\/10\/kiedy-nalezy-udac-sie-do-lekarza-specjalisty\/#breadcrumb","itemListElement":[{"@type":"ListItem","position":1,"name":"Strona g\u0142\u00f3wna","item":"https:\/\/swiatlekarzy.pl\/"},{"@type":"ListItem","position":2,"name":"Kiedy nale\u017cy uda\u0107 si\u0119 do lekarza specjalisty?"}]},{"@type":"WebSite","@id":"https:\/\/swiatlekarzy.pl\/#website","url":"https:\/\/swiatlekarzy.pl\/","name":"\u015awiat lekarzy","description":"portal dla lekarzy","potentialAction":[{"@type":"SearchAction","target":{"@type":"EntryPoint","urlTemplate":"https:\/\/swiatlekarzy.pl\/?s={search_term_string}"},"query-input":{"@type":"PropertyValueSpecification","valueRequired":true,"valueName":"search_term_string"}}],"inLanguage":"pl-PL"},{"@type":"Person","@id":"https:\/\/swiatlekarzy.pl\/#\/schema\/person\/15771394dd49b5a21fbd960a2ec3754b","name":"admin","image":{"@type":"ImageObject","inLanguage":"pl-PL","@id":"https:\/\/secure.gravatar.com\/avatar\/4e609b381659f1df9d3dea107e3c05fa9ad22a194ec1799dd9a433deddc1fe2c?s=96&d=mm&r=g","url":"https:\/\/secure.gravatar.com\/avatar\/4e609b381659f1df9d3dea107e3c05fa9ad22a194ec1799dd9a433deddc1fe2c?s=96&d=mm&r=g","contentUrl":"https:\/\/secure.gravatar.com\/avatar\/4e609b381659f1df9d3dea107e3c05fa9ad22a194ec1799dd9a433deddc1fe2c?s=96&d=mm&r=g","caption":"admin"},"sameAs":["https:\/\/swiatlekarzy.pl"],"url":"https:\/\/swiatlekarzy.pl\/index.php\/author\/admin\/"}]}},"_links":{"self":[{"href":"https:\/\/swiatlekarzy.pl\/index.php\/wp-json\/wp\/v2\/posts\/182","targetHints":{"allow":["GET"]}}],"collection":[{"href":"https:\/\/swiatlekarzy.pl\/index.php\/wp-json\/wp\/v2\/posts"}],"about":[{"href":"https:\/\/swiatlekarzy.pl\/index.php\/wp-json\/wp\/v2\/types\/post"}],"author":[{"embeddable":true,"href":"https:\/\/swiatlekarzy.pl\/index.php\/wp-json\/wp\/v2\/users\/1"}],"replies":[{"embeddable":true,"href":"https:\/\/swiatlekarzy.pl\/index.php\/wp-json\/wp\/v2\/comments?post=182"}],"version-history":[{"count":0,"href":"https:\/\/swiatlekarzy.pl\/index.php\/wp-json\/wp\/v2\/posts\/182\/revisions"}],"wp:featuredmedia":[{"embeddable":true,"href":"https:\/\/swiatlekarzy.pl\/index.php\/wp-json\/wp\/v2\/media\/200"}],"wp:attachment":[{"href":"https:\/\/swiatlekarzy.pl\/index.php\/wp-json\/wp\/v2\/media?parent=182"}],"wp:term":[{"taxonomy":"category","embeddable":true,"href":"https:\/\/swiatlekarzy.pl\/index.php\/wp-json\/wp\/v2\/categories?post=182"},{"taxonomy":"post_tag","embeddable":true,"href":"https:\/\/swiatlekarzy.pl\/index.php\/wp-json\/wp\/v2\/tags?post=182"}],"curies":[{"name":"wp","href":"https:\/\/api.w.org\/{rel}","templated":true}]}}