{"id":1238,"date":"2026-04-21T02:07:40","date_gmt":"2026-04-21T02:07:40","guid":{"rendered":"https:\/\/swiatlekarzy.pl\/index.php\/2026\/04\/21\/jak-lekarze-godza-zycie-zawodowe-z-prywatnym\/"},"modified":"2026-04-21T02:07:40","modified_gmt":"2026-04-21T02:07:40","slug":"jak-lekarze-godza-zycie-zawodowe-z-prywatnym","status":"publish","type":"post","link":"https:\/\/swiatlekarzy.pl\/index.php\/2026\/04\/21\/jak-lekarze-godza-zycie-zawodowe-z-prywatnym\/","title":{"rendered":"Jak lekarze godz\u0105 \u017cycie zawodowe z prywatnym"},"content":{"rendered":"<p>Praca lekarza to nieustanna w\u0119dr\u00f3wka mi\u0119dzy sal\u0105 szpitaln\u0105 a domowym ogniskiem. Wysokie tempo dy\u017cur\u00f3w, presja decyzyjna i odpowiedzialno\u015b\u0107 za \u017cycie pacjenta spotykaj\u0105 si\u0119 z potrzeb\u0105 regeneracji i blisko\u015bci z rodzin\u0105. Trudno\u015b\u0107 w pogodzeniu tych dw\u00f3ch \u015bwiat\u00f3w dotyka wielu przedstawicieli zawodu medycznego, kt\u00f3rzy na co dzie\u0144 mierz\u0105 si\u0119 nie tylko z chorobami, ale te\u017c z wyzwaniem utrzymania satysfakcjonuj\u0105cej r\u00f3wnowagi mi\u0119dzy sprawami zawodowymi a prywatnymi. Poni\u017cszy artyku\u0142 omawia strategie i narz\u0119dzia, kt\u00f3re lekarze wykorzystuj\u0105, aby chroni\u0107 swoje zdrowie, podtrzyma\u0107 relacje oraz zachowa\u0107 <strong>r\u00f3wnowaga<\/strong> i <strong>odporno\u015b\u0107<\/strong> psychiczn\u0105.<\/p>\n<h2>Specyfika pracy lekarskiej a wyzwania codzienno\u015bci<\/h2>\n<p>Ka\u017cdy dzie\u0144 w zawodzie lekarza mo\u017ce przynie\u015b\u0107 nieoczekiwane sytuacje \u2013 od nag\u0142ych przypadk\u00f3w trauma po skomplikowane operacje. Zmienne godziny dy\u017cur\u00f3w i konieczno\u015b\u0107 gotowo\u015bci do akcji o ka\u017cdej porze stawiaj\u0105 przed medykiem wyzwanie utrzymania sta\u0142ego rytmu \u017cycia. W praktyce oznacza to cz\u0119ste po\u015bwi\u0119canie czasu wolnego na konsultacje telefoniczne czy pilne wizyty domowe. Lekarze ucz\u0105 si\u0119 radzi\u0107 sobie z obci\u0105\u017ceniem, rozwijaj\u0105c <strong>odporno\u015b\u0107<\/strong> na stres i szybkie reagowanie pod presj\u0105. Kluczowe staje si\u0119 tu budowanie zdrowych nawyk\u00f3w \u2013 odpowiednia dieta, regularna aktywno\u015b\u0107 fizyczna oraz techniki relaksacyjne. Dzi\u0119ki \u015bwiadomej pracy nad w\u0142asnym cia\u0142em i umys\u0142em lekarz mo\u017ce znacznie zredukowa\u0107 ryzyko wypalenia, co przek\u0142ada si\u0119 na wy\u017csz\u0105 jako\u015b\u0107 opieki nad pacjentem.<\/p>\n<h2>Strategie zarz\u0105dzania czasem i energi\u0105<\/h2>\n<p>Efektywne organizowanie dy\u017cur\u00f3w i przerw jest fundamentem harmonijnego \u0142\u0105czenia obowi\u0105zk\u00f3w s\u0142u\u017cbowych z \u017cyciem osobistym. Wielu specjalist\u00f3w si\u0119ga po cyfrowe kalendarze, aplikacje do zarz\u0105dzania zadaniami oraz elektroniczne systemy umawiania wizyt, co znacznie podnosi <strong>efektywno\u015b\u0107<\/strong> i redukuje chaos informacyjny. Warto wprowadzi\u0107 zasady:<\/p>\n<ul>\n<li>Blokowania w kalendarzu sta\u0142ych przerw na odpoczynek i posi\u0142ki.<\/li>\n<li>Planowania dzie\u0144 wcze\u015bniej, z wyznaczeniem priorytet\u00f3w.<\/li>\n<li>Automatyzacji powtarzalnych zada\u0144 (np. wystawianie e-recept, przygotowywanie dokumentacji).<\/li>\n<\/ul>\n<p>Dzi\u0119ki \u015bwiadomej <strong>organizacji<\/strong> lekarz zyskuje wi\u0119ksz\u0105 kontrol\u0119 nad rozk\u0142adem si\u0142, co przek\u0142ada si\u0119 na wy\u017cszy poziom satysfakcji i mniejsz\u0105 liczb\u0119 pomy\u0142ek.<\/p>\n<h2>Znaczenie wsparcia i komunikacji w zespole<\/h2>\n<p>Praca zespo\u0142owa w szpitalu czy klinice to nie tylko podzia\u0142 obowi\u0105zk\u00f3w, ale r\u00f3wnie\u017c wzajemne <strong>wsparcie<\/strong> i konstruktywna <strong>komunikacja<\/strong>. Lekarze oraz piel\u0119gniarki coraz cz\u0119\u015bciej bior\u0105 udzia\u0142 w regularnych spotkaniach case review, gdzie omawiane s\u0105 trudne przypadki kliniczne, a tak\u017ce kwestie organizacyjne. Takie forum sprzyja wymianie do\u015bwiadcze\u0144, minimalizuje poczucie osamotnienia i wzmacnia relacje mi\u0119dzy wsp\u00f3\u0142pracownikami. Wa\u017cne elementy tej wsp\u00f3\u0142pracy to:<\/p>\n<ul>\n<li>Otwarta dyskusja o b\u0142\u0119dach i wyzwaniach bez obawy przed represjami.<\/li>\n<li>Mentoring m\u0142odszych koleg\u00f3w przez bardziej do\u015bwiadczonych lekarzy.<\/li>\n<li>Wsp\u00f3lne ustalanie procedur dy\u017curowych i wsparcie przy szczeg\u00f3lnie obci\u0105\u017caj\u0105cych przypadkach.<\/li>\n<\/ul>\n<p>Wsp\u00f3lna atmosfera zaufania zmniejsza ryzyko wypalenia i podnosi skuteczno\u015b\u0107 dzia\u0142a\u0144 medycznych.<\/p>\n<h2>Wyznaczanie granic i delegowanie zada\u0144<\/h2>\n<p>Dla utrzymania zdrowego balansu kluczowe jest umiej\u0119tne wyznaczanie granic zawodowych. Lekarz nie musi bra\u0107 na siebie ka\u017cdego zadania \u2013 cz\u0119\u015b\u0107 obowi\u0105zk\u00f3w mo\u017cna przekaza\u0107 asystentom medycznym, piel\u0119gniarkom lub wsparciu administracyjnemu. Delegowanie pozwala skupi\u0107 si\u0119 na zadaniach wymagaj\u0105cych najwy\u017cszych kompetencji. Zaufanie (podkre\u015blane jako <strong>zaufanie<\/strong>) wobec cz\u0142onk\u00f3w zespo\u0142u buduje si\u0119 systematycznie poprzez jasne instrukcje i regularny feedback. Dzi\u0119ki temu mo\u017cliwe jest ograniczenie niepotrzebnego stresu i wi\u0119ksza swoboda w planowaniu czasu prywatnego.<\/p>\n<h2>Rola rozwoju osobistego i odpoczynku<\/h2>\n<p>Uzupe\u0142nieniem dzia\u0142a\u0144 organizacyjnych jest inwestycja w rozw\u00f3j i regeneracj\u0119. Regularne szkolenia, kursy z zakresu zarz\u0105dzania stresem czy technik uwa\u017cno\u015bci pomagaj\u0105 w utrzymaniu dobrego <strong>well-being<\/strong> i sprzyjaj\u0105 d\u0142ugoterminowej efektywno\u015bci. Wa\u017cne jest r\u00f3wnie\u017c planowanie okresowych przerw: kr\u00f3tki urlop co kwarta\u0142, weekendowe wyjazdy poza miasto czy uczestnictwo w warsztatach rekreacyjnych. Odpoczynek w kontakcie z natur\u0105, zaj\u0119cia artystyczne czy spotkania z rodzin\u0105 daj\u0105 impuls do odzyskania energii oraz od\u015bwie\u017cenia perspektywy.<\/p>\n<h2>Innowacje technologiczne wspieraj\u0105ce lekarzy<\/h2>\n<p>Cyfryzacja s\u0142u\u017cby zdrowia przynosi narz\u0119dzia, kt\u00f3re u\u0142atwiaj\u0105 codzienn\u0105 prac\u0119 i skracaj\u0105 czas po\u015bwi\u0119cany na zadania administracyjne. Rozwi\u0105zania typu <strong>telemedycyna<\/strong> pozwalaj\u0105 przeprowadza\u0107 wst\u0119pne konsultacje z pacjentami zdalnie, a elektroniczna dokumentacja medyczna eliminuje konieczno\u015b\u0107 \u017cmudnego przepisywania kartotek. Wsparcie sztucznej inteligencji w analizie bada\u0144 diagnostycznych zwi\u0119ksza celno\u015b\u0107 rozpozna\u0144, co przyspiesza podejmowanie decyzji i zmniejsza obci\u0105\u017cenie specjalist\u00f3w. Automatyczne powiadomienia o wynikach bada\u0144 czy systemy zarz\u0105dzania aptek\u0105 szpitaln\u0105 to kolejne przyk\u0142ady korzy\u015bci p\u0142yn\u0105cych z nowoczesnych technologii.<\/p>\n<h2>Przyk\u0142ady dobrych praktyk z zagranicy<\/h2>\n<p>W krajach skandynawskich coraz wi\u0119cej plac\u00f3wek medycznych wprowadza elastyczne grafiki pracy oraz tygodnie czterodniowe, co przyczynia si\u0119 do poprawy zdrowia psychicznego personelu. W Stanach Zjednoczonych popularne staj\u0105 si\u0119 programy \u201ephysician coach\u201d, gdzie specjali\u015bci korzystaj\u0105 z indywidualnych sesji mentorskich i terapeutycznych. Z kolei w Japonii powstaj\u0105 aplikacje do monitorowania poziomu zm\u0119czenia lekarza na podstawie danych biometrycznych, kt\u00f3re pomagaj\u0105 decydowa\u0107 o konieczno\u015bci przerwy. Te przyk\u0142ady pokazuj\u0105, \u017ce innowacyjne podej\u015bcie do kwestii work\u2013life balance w medycynie to nie luksus, lecz inwestycja w jako\u015b\u0107 opieki i d\u0142ugowieczno\u015b\u0107 kariery.<\/p>\n","protected":false},"excerpt":{"rendered":"<p>Praca lekarza to nieustanna w\u0119dr\u00f3wka mi\u0119dzy sal\u0105 szpitaln\u0105 a domowym ogniskiem. Wysokie tempo dy\u017cur\u00f3w, presja decyzyjna i odpowiedzialno\u015b\u0107 za \u017cycie pacjenta spotykaj\u0105 si\u0119 z potrzeb\u0105 regeneracji i blisko\u015bci z rodzin\u0105.&hellip;<\/p>\n","protected":false},"author":1,"featured_media":1237,"comment_status":"closed","ping_status":"closed","sticky":false,"template":"","format":"standard","meta":{"footnotes":""},"categories":[1],"tags":[],"class_list":["post-1238","post","type-post","status-publish","format-standard","has-post-thumbnail","hentry","category-lekarze"],"yoast_head":"<!-- This site is optimized with the Yoast SEO plugin v27.2 - https:\/\/yoast.com\/product\/yoast-seo-wordpress\/ -->\n<title>Jak lekarze godz\u0105 \u017cycie zawodowe z prywatnym - \u015awiat lekarzy<\/title>\n<meta name=\"robots\" content=\"index, follow, max-snippet:-1, max-image-preview:large, max-video-preview:-1\" \/>\n<link rel=\"canonical\" href=\"https:\/\/swiatlekarzy.pl\/index.php\/2026\/04\/21\/jak-lekarze-godza-zycie-zawodowe-z-prywatnym\/\" \/>\n<meta property=\"og:locale\" content=\"pl_PL\" \/>\n<meta property=\"og:type\" content=\"article\" \/>\n<meta property=\"og:title\" content=\"Jak lekarze godz\u0105 \u017cycie zawodowe z prywatnym - \u015awiat lekarzy\" \/>\n<meta property=\"og:description\" content=\"Praca lekarza to nieustanna w\u0119dr\u00f3wka mi\u0119dzy sal\u0105 szpitaln\u0105 a domowym ogniskiem. Wysokie tempo dy\u017cur\u00f3w, presja decyzyjna i odpowiedzialno\u015b\u0107 za \u017cycie pacjenta spotykaj\u0105 si\u0119 z potrzeb\u0105 regeneracji i blisko\u015bci z rodzin\u0105.&hellip;\" \/>\n<meta property=\"og:url\" content=\"https:\/\/swiatlekarzy.pl\/index.php\/2026\/04\/21\/jak-lekarze-godza-zycie-zawodowe-z-prywatnym\/\" \/>\n<meta property=\"og:site_name\" content=\"\u015awiat lekarzy\" \/>\n<meta property=\"article:published_time\" content=\"2026-04-21T02:07:40+00:00\" \/>\n<meta name=\"author\" content=\"admin\" \/>\n<meta name=\"twitter:card\" content=\"summary_large_image\" \/>\n<meta name=\"twitter:label1\" content=\"Napisane przez\" \/>\n\t<meta name=\"twitter:data1\" content=\"admin\" \/>\n\t<meta name=\"twitter:label2\" content=\"Szacowany czas czytania\" \/>\n\t<meta name=\"twitter:data2\" content=\"4 minuty\" \/>\n<script type=\"application\/ld+json\" class=\"yoast-schema-graph\">{\"@context\":\"https:\/\/schema.org\",\"@graph\":[{\"@type\":\"Article\",\"@id\":\"https:\/\/swiatlekarzy.pl\/index.php\/2026\/04\/21\/jak-lekarze-godza-zycie-zawodowe-z-prywatnym\/#article\",\"isPartOf\":{\"@id\":\"https:\/\/swiatlekarzy.pl\/index.php\/2026\/04\/21\/jak-lekarze-godza-zycie-zawodowe-z-prywatnym\/\"},\"author\":{\"name\":\"admin\",\"@id\":\"https:\/\/swiatlekarzy.pl\/#\/schema\/person\/15771394dd49b5a21fbd960a2ec3754b\"},\"headline\":\"Jak lekarze godz\u0105 \u017cycie zawodowe z prywatnym\",\"datePublished\":\"2026-04-21T02:07:40+00:00\",\"mainEntityOfPage\":{\"@id\":\"https:\/\/swiatlekarzy.pl\/index.php\/2026\/04\/21\/jak-lekarze-godza-zycie-zawodowe-z-prywatnym\/\"},\"wordCount\":839,\"image\":{\"@id\":\"https:\/\/swiatlekarzy.pl\/index.php\/2026\/04\/21\/jak-lekarze-godza-zycie-zawodowe-z-prywatnym\/#primaryimage\"},\"thumbnailUrl\":\"https:\/\/swiatlekarzy.pl\/wp-content\/uploads\/2026\/04\/output1-12.webp\",\"articleSection\":[\"lekarze\"],\"inLanguage\":\"pl-PL\"},{\"@type\":\"WebPage\",\"@id\":\"https:\/\/swiatlekarzy.pl\/index.php\/2026\/04\/21\/jak-lekarze-godza-zycie-zawodowe-z-prywatnym\/\",\"url\":\"https:\/\/swiatlekarzy.pl\/index.php\/2026\/04\/21\/jak-lekarze-godza-zycie-zawodowe-z-prywatnym\/\",\"name\":\"Jak lekarze godz\u0105 \u017cycie zawodowe z prywatnym - \u015awiat lekarzy\",\"isPartOf\":{\"@id\":\"https:\/\/swiatlekarzy.pl\/#website\"},\"primaryImageOfPage\":{\"@id\":\"https:\/\/swiatlekarzy.pl\/index.php\/2026\/04\/21\/jak-lekarze-godza-zycie-zawodowe-z-prywatnym\/#primaryimage\"},\"image\":{\"@id\":\"https:\/\/swiatlekarzy.pl\/index.php\/2026\/04\/21\/jak-lekarze-godza-zycie-zawodowe-z-prywatnym\/#primaryimage\"},\"thumbnailUrl\":\"https:\/\/swiatlekarzy.pl\/wp-content\/uploads\/2026\/04\/output1-12.webp\",\"datePublished\":\"2026-04-21T02:07:40+00:00\",\"author\":{\"@id\":\"https:\/\/swiatlekarzy.pl\/#\/schema\/person\/15771394dd49b5a21fbd960a2ec3754b\"},\"breadcrumb\":{\"@id\":\"https:\/\/swiatlekarzy.pl\/index.php\/2026\/04\/21\/jak-lekarze-godza-zycie-zawodowe-z-prywatnym\/#breadcrumb\"},\"inLanguage\":\"pl-PL\",\"potentialAction\":[{\"@type\":\"ReadAction\",\"target\":[\"https:\/\/swiatlekarzy.pl\/index.php\/2026\/04\/21\/jak-lekarze-godza-zycie-zawodowe-z-prywatnym\/\"]}]},{\"@type\":\"ImageObject\",\"inLanguage\":\"pl-PL\",\"@id\":\"https:\/\/swiatlekarzy.pl\/index.php\/2026\/04\/21\/jak-lekarze-godza-zycie-zawodowe-z-prywatnym\/#primaryimage\",\"url\":\"https:\/\/swiatlekarzy.pl\/wp-content\/uploads\/2026\/04\/output1-12.webp\",\"contentUrl\":\"https:\/\/swiatlekarzy.pl\/wp-content\/uploads\/2026\/04\/output1-12.webp\",\"width\":1024,\"height\":1024},{\"@type\":\"BreadcrumbList\",\"@id\":\"https:\/\/swiatlekarzy.pl\/index.php\/2026\/04\/21\/jak-lekarze-godza-zycie-zawodowe-z-prywatnym\/#breadcrumb\",\"itemListElement\":[{\"@type\":\"ListItem\",\"position\":1,\"name\":\"Strona g\u0142\u00f3wna\",\"item\":\"https:\/\/swiatlekarzy.pl\/\"},{\"@type\":\"ListItem\",\"position\":2,\"name\":\"Jak lekarze godz\u0105 \u017cycie zawodowe z prywatnym\"}]},{\"@type\":\"WebSite\",\"@id\":\"https:\/\/swiatlekarzy.pl\/#website\",\"url\":\"https:\/\/swiatlekarzy.pl\/\",\"name\":\"\u015awiat lekarzy\",\"description\":\"portal dla lekarzy\",\"potentialAction\":[{\"@type\":\"SearchAction\",\"target\":{\"@type\":\"EntryPoint\",\"urlTemplate\":\"https:\/\/swiatlekarzy.pl\/?s={search_term_string}\"},\"query-input\":{\"@type\":\"PropertyValueSpecification\",\"valueRequired\":true,\"valueName\":\"search_term_string\"}}],\"inLanguage\":\"pl-PL\"},{\"@type\":\"Person\",\"@id\":\"https:\/\/swiatlekarzy.pl\/#\/schema\/person\/15771394dd49b5a21fbd960a2ec3754b\",\"name\":\"admin\",\"image\":{\"@type\":\"ImageObject\",\"inLanguage\":\"pl-PL\",\"@id\":\"https:\/\/secure.gravatar.com\/avatar\/4e609b381659f1df9d3dea107e3c05fa9ad22a194ec1799dd9a433deddc1fe2c?s=96&d=mm&r=g\",\"url\":\"https:\/\/secure.gravatar.com\/avatar\/4e609b381659f1df9d3dea107e3c05fa9ad22a194ec1799dd9a433deddc1fe2c?s=96&d=mm&r=g\",\"contentUrl\":\"https:\/\/secure.gravatar.com\/avatar\/4e609b381659f1df9d3dea107e3c05fa9ad22a194ec1799dd9a433deddc1fe2c?s=96&d=mm&r=g\",\"caption\":\"admin\"},\"sameAs\":[\"https:\/\/swiatlekarzy.pl\"],\"url\":\"https:\/\/swiatlekarzy.pl\/index.php\/author\/admin\/\"}]}<\/script>\n<!-- \/ Yoast SEO plugin. -->","yoast_head_json":{"title":"Jak lekarze godz\u0105 \u017cycie zawodowe z prywatnym - \u015awiat lekarzy","robots":{"index":"index","follow":"follow","max-snippet":"max-snippet:-1","max-image-preview":"max-image-preview:large","max-video-preview":"max-video-preview:-1"},"canonical":"https:\/\/swiatlekarzy.pl\/index.php\/2026\/04\/21\/jak-lekarze-godza-zycie-zawodowe-z-prywatnym\/","og_locale":"pl_PL","og_type":"article","og_title":"Jak lekarze godz\u0105 \u017cycie zawodowe z prywatnym - \u015awiat lekarzy","og_description":"Praca lekarza to nieustanna w\u0119dr\u00f3wka mi\u0119dzy sal\u0105 szpitaln\u0105 a domowym ogniskiem. Wysokie tempo dy\u017cur\u00f3w, presja decyzyjna i odpowiedzialno\u015b\u0107 za \u017cycie pacjenta spotykaj\u0105 si\u0119 z potrzeb\u0105 regeneracji i blisko\u015bci z rodzin\u0105.&hellip;","og_url":"https:\/\/swiatlekarzy.pl\/index.php\/2026\/04\/21\/jak-lekarze-godza-zycie-zawodowe-z-prywatnym\/","og_site_name":"\u015awiat lekarzy","article_published_time":"2026-04-21T02:07:40+00:00","author":"admin","twitter_card":"summary_large_image","twitter_misc":{"Napisane przez":"admin","Szacowany czas czytania":"4 minuty"},"schema":{"@context":"https:\/\/schema.org","@graph":[{"@type":"Article","@id":"https:\/\/swiatlekarzy.pl\/index.php\/2026\/04\/21\/jak-lekarze-godza-zycie-zawodowe-z-prywatnym\/#article","isPartOf":{"@id":"https:\/\/swiatlekarzy.pl\/index.php\/2026\/04\/21\/jak-lekarze-godza-zycie-zawodowe-z-prywatnym\/"},"author":{"name":"admin","@id":"https:\/\/swiatlekarzy.pl\/#\/schema\/person\/15771394dd49b5a21fbd960a2ec3754b"},"headline":"Jak lekarze godz\u0105 \u017cycie zawodowe z prywatnym","datePublished":"2026-04-21T02:07:40+00:00","mainEntityOfPage":{"@id":"https:\/\/swiatlekarzy.pl\/index.php\/2026\/04\/21\/jak-lekarze-godza-zycie-zawodowe-z-prywatnym\/"},"wordCount":839,"image":{"@id":"https:\/\/swiatlekarzy.pl\/index.php\/2026\/04\/21\/jak-lekarze-godza-zycie-zawodowe-z-prywatnym\/#primaryimage"},"thumbnailUrl":"https:\/\/swiatlekarzy.pl\/wp-content\/uploads\/2026\/04\/output1-12.webp","articleSection":["lekarze"],"inLanguage":"pl-PL"},{"@type":"WebPage","@id":"https:\/\/swiatlekarzy.pl\/index.php\/2026\/04\/21\/jak-lekarze-godza-zycie-zawodowe-z-prywatnym\/","url":"https:\/\/swiatlekarzy.pl\/index.php\/2026\/04\/21\/jak-lekarze-godza-zycie-zawodowe-z-prywatnym\/","name":"Jak lekarze godz\u0105 \u017cycie zawodowe z prywatnym - \u015awiat lekarzy","isPartOf":{"@id":"https:\/\/swiatlekarzy.pl\/#website"},"primaryImageOfPage":{"@id":"https:\/\/swiatlekarzy.pl\/index.php\/2026\/04\/21\/jak-lekarze-godza-zycie-zawodowe-z-prywatnym\/#primaryimage"},"image":{"@id":"https:\/\/swiatlekarzy.pl\/index.php\/2026\/04\/21\/jak-lekarze-godza-zycie-zawodowe-z-prywatnym\/#primaryimage"},"thumbnailUrl":"https:\/\/swiatlekarzy.pl\/wp-content\/uploads\/2026\/04\/output1-12.webp","datePublished":"2026-04-21T02:07:40+00:00","author":{"@id":"https:\/\/swiatlekarzy.pl\/#\/schema\/person\/15771394dd49b5a21fbd960a2ec3754b"},"breadcrumb":{"@id":"https:\/\/swiatlekarzy.pl\/index.php\/2026\/04\/21\/jak-lekarze-godza-zycie-zawodowe-z-prywatnym\/#breadcrumb"},"inLanguage":"pl-PL","potentialAction":[{"@type":"ReadAction","target":["https:\/\/swiatlekarzy.pl\/index.php\/2026\/04\/21\/jak-lekarze-godza-zycie-zawodowe-z-prywatnym\/"]}]},{"@type":"ImageObject","inLanguage":"pl-PL","@id":"https:\/\/swiatlekarzy.pl\/index.php\/2026\/04\/21\/jak-lekarze-godza-zycie-zawodowe-z-prywatnym\/#primaryimage","url":"https:\/\/swiatlekarzy.pl\/wp-content\/uploads\/2026\/04\/output1-12.webp","contentUrl":"https:\/\/swiatlekarzy.pl\/wp-content\/uploads\/2026\/04\/output1-12.webp","width":1024,"height":1024},{"@type":"BreadcrumbList","@id":"https:\/\/swiatlekarzy.pl\/index.php\/2026\/04\/21\/jak-lekarze-godza-zycie-zawodowe-z-prywatnym\/#breadcrumb","itemListElement":[{"@type":"ListItem","position":1,"name":"Strona g\u0142\u00f3wna","item":"https:\/\/swiatlekarzy.pl\/"},{"@type":"ListItem","position":2,"name":"Jak lekarze godz\u0105 \u017cycie zawodowe z prywatnym"}]},{"@type":"WebSite","@id":"https:\/\/swiatlekarzy.pl\/#website","url":"https:\/\/swiatlekarzy.pl\/","name":"\u015awiat lekarzy","description":"portal dla lekarzy","potentialAction":[{"@type":"SearchAction","target":{"@type":"EntryPoint","urlTemplate":"https:\/\/swiatlekarzy.pl\/?s={search_term_string}"},"query-input":{"@type":"PropertyValueSpecification","valueRequired":true,"valueName":"search_term_string"}}],"inLanguage":"pl-PL"},{"@type":"Person","@id":"https:\/\/swiatlekarzy.pl\/#\/schema\/person\/15771394dd49b5a21fbd960a2ec3754b","name":"admin","image":{"@type":"ImageObject","inLanguage":"pl-PL","@id":"https:\/\/secure.gravatar.com\/avatar\/4e609b381659f1df9d3dea107e3c05fa9ad22a194ec1799dd9a433deddc1fe2c?s=96&d=mm&r=g","url":"https:\/\/secure.gravatar.com\/avatar\/4e609b381659f1df9d3dea107e3c05fa9ad22a194ec1799dd9a433deddc1fe2c?s=96&d=mm&r=g","contentUrl":"https:\/\/secure.gravatar.com\/avatar\/4e609b381659f1df9d3dea107e3c05fa9ad22a194ec1799dd9a433deddc1fe2c?s=96&d=mm&r=g","caption":"admin"},"sameAs":["https:\/\/swiatlekarzy.pl"],"url":"https:\/\/swiatlekarzy.pl\/index.php\/author\/admin\/"}]}},"_links":{"self":[{"href":"https:\/\/swiatlekarzy.pl\/index.php\/wp-json\/wp\/v2\/posts\/1238","targetHints":{"allow":["GET"]}}],"collection":[{"href":"https:\/\/swiatlekarzy.pl\/index.php\/wp-json\/wp\/v2\/posts"}],"about":[{"href":"https:\/\/swiatlekarzy.pl\/index.php\/wp-json\/wp\/v2\/types\/post"}],"author":[{"embeddable":true,"href":"https:\/\/swiatlekarzy.pl\/index.php\/wp-json\/wp\/v2\/users\/1"}],"replies":[{"embeddable":true,"href":"https:\/\/swiatlekarzy.pl\/index.php\/wp-json\/wp\/v2\/comments?post=1238"}],"version-history":[{"count":0,"href":"https:\/\/swiatlekarzy.pl\/index.php\/wp-json\/wp\/v2\/posts\/1238\/revisions"}],"wp:featuredmedia":[{"embeddable":true,"href":"https:\/\/swiatlekarzy.pl\/index.php\/wp-json\/wp\/v2\/media\/1237"}],"wp:attachment":[{"href":"https:\/\/swiatlekarzy.pl\/index.php\/wp-json\/wp\/v2\/media?parent=1238"}],"wp:term":[{"taxonomy":"category","embeddable":true,"href":"https:\/\/swiatlekarzy.pl\/index.php\/wp-json\/wp\/v2\/categories?post=1238"},{"taxonomy":"post_tag","embeddable":true,"href":"https:\/\/swiatlekarzy.pl\/index.php\/wp-json\/wp\/v2\/tags?post=1238"}],"curies":[{"name":"wp","href":"https:\/\/api.w.org\/{rel}","templated":true}]}}