{"id":1048,"date":"2026-01-31T18:20:11","date_gmt":"2026-01-31T18:20:11","guid":{"rendered":"https:\/\/swiatlekarzy.pl\/index.php\/2026\/01\/31\/jak-lekarze-organizuja-swoj-czas-pracy\/"},"modified":"2026-01-31T18:20:11","modified_gmt":"2026-01-31T18:20:11","slug":"jak-lekarze-organizuja-swoj-czas-pracy","status":"publish","type":"post","link":"https:\/\/swiatlekarzy.pl\/index.php\/2026\/01\/31\/jak-lekarze-organizuja-swoj-czas-pracy\/","title":{"rendered":"Jak lekarze organizuj\u0105 sw\u00f3j czas pracy"},"content":{"rendered":"<p>Lekarze to grupa zawodowa, kt\u00f3rej praca wymaga nieustannego zaanga\u017cowania, dynamicznego reagowania na potrzeby pacjent\u00f3w oraz sta\u0142ego podnoszenia kwalifikacji. Organizacja czasu pracy w plac\u00f3wkach medycznych to z\u0142o\u017cony proces, oparty na \u0142\u0105czeniu dy\u017cur\u00f3w, wizyt ambulatoryjnych i indywidualnej pracy nad dokumentacj\u0105. W artykule przyjrzymy si\u0119 mechanizmom planowania, narz\u0119dziom wspieraj\u0105cym oraz metodom budowania <strong>r\u00f3wnowagi<\/strong> pomi\u0119dzy \u017cyciem zawodowym a prywatnym.<\/p>\n<h2>Planowanie dnia pracy lekarza<\/h2>\n<p>Prawid\u0142owe zaplanowanie dnia pracy to klucz do zachowania wysokiej <strong>efektywno\u015b\u0107<\/strong> i redukcji stresu. W \u015brodowisku medycznym lekarze musz\u0105 zestawia\u0107 wizyty <strong>priorytetyzacja<\/strong> przypadk\u00f3w z dy\u017curami szpitalnymi, szkoleniami czy prac\u0105 naukow\u0105. W praktyce organizacja obejmuje kilka etap\u00f3w:<\/p>\n<h3>1. Ustalanie priorytet\u00f3w<\/h3>\n<p>Na pocz\u0105tku ka\u017cdego tygodnia lekarz ustala, kt\u00f3re zadania wymagaj\u0105 natychmiastowej uwagi. W\u015br\u00f3d nich znajduj\u0105 si\u0119:<\/p>\n<ul>\n<li>pilne konsultacje pacjent\u00f3w z ostrymi objawami,<\/li>\n<li>zabiegi endoskopowe lub drobne operacje planowe,<\/li>\n<li>teleporady wymagaj\u0105ce szybkiej interwencji,<\/li>\n<li>spotkania multidyscyplinarne z udzia\u0142em zespo\u0142u.<\/li>\n<\/ul>\n<p>Dzi\u0119ki <strong>harmonogram<\/strong> z jasnym podzia\u0142em na zadania pierwszoplanowe i drugoplanowe zwi\u0119ksza si\u0119 wydajno\u015b\u0107 oraz zmniejsza ryzyko przeoczenia istotnych kwestii zdrowotnych.<\/p>\n<h3>2. Tworzenie bloku czasowego<\/h3>\n<p>Metoda blok\u00f3w czasowych zak\u0142ada podzia\u0142 dnia na segmenty o r\u00f3\u017cnym przeznaczeniu. Wyznacza si\u0119 np. trzy bloki po 90 minut na wizyty w poradni, jeden blok na przeprowadzenie bada\u0144 diagnostycznych i jeden blok na dokumentacj\u0119 medyczn\u0105. Taki system pozwala na:<\/p>\n<ul>\n<li>zminimalizowanie przerw pomi\u0119dzy zadaniami,<\/li>\n<li>zwi\u0119kszenie koncentracji na okre\u015blonym typie obowi\u0105zk\u00f3w,<\/li>\n<li>\u0142atwiejsze wprowadzanie korekt w przypadku nieplanowanych zdarze\u0144.<\/li>\n<\/ul>\n<h3>3. Zarz\u0105dzanie dy\u017curami<\/h3>\n<p>Dy\u017cury w trybie ca\u0142odobowym lub nocnym to wyzwanie zar\u00f3wno organizacyjne, jak i psychofizyczne. <strong>Dy\u017cury<\/strong> wymagaj\u0105:<\/p>\n<ul>\n<li>koordynacji z zespo\u0142em piel\u0119gniarskim i ratowniczym,<\/li>\n<li>monitorowania stanu pacjent\u00f3w na oddziale,<\/li>\n<li>szybkiego reagowania na nag\u0142e przypadki.<\/li>\n<\/ul>\n<p>Aby zmniejszy\u0107 zm\u0119czenie, lekarze wprowadzaj\u0105 rotacj\u0119: po dw\u00f3ch nocach nast\u0119puj\u0105 dwie noce wolne, co pozwala na lepsz\u0105 regeneracj\u0119. Wa\u017cne jest te\u017c planowanie czasu na odpoczynek w ci\u0105gu dy\u017curu, tak aby zachowa\u0107 pe\u0142n\u0105 sprawno\u015b\u0107 psychomotoryczn\u0105.<\/p>\n<h2>Nowoczesne narz\u0119dzia i technologie wspieraj\u0105ce prac\u0119<\/h2>\n<p>Rozw\u00f3j <strong>technologia<\/strong> medycznych znacz\u0105co wp\u0142ywa na organizacj\u0119 pracy lekarzy. Elektroniczna Dokumentacja Medyczna (EDM), systemy zarz\u0105dzania kolejkami czy aplikacje mobilne u\u0142atwiaj\u0105 codzienne zadania i poprawiaj\u0105 jako\u015b\u0107 opieki nad pacjentem.<\/p>\n<h3>Systemy EDM i e-recepty<\/h3>\n<p>Elektroniczna Dokumentacja Medyczna przyspiesza dost\u0119p do historii pacjenta i minimalizuje ryzyko zagubienia kartki z wynikami bada\u0144. Lekarz mo\u017ce:<\/p>\n<ul>\n<li>na bie\u017c\u0105co wpisywa\u0107 zalecenia i wnioski diagnostyczne,<\/li>\n<li>wysy\u0142a\u0107 e-recepty bezpo\u015brednio do apteki,<\/li>\n<li>\u015bledzi\u0107 wyniki bada\u0144 laboratoryjnych online.<\/li>\n<\/ul>\n<p>Dzi\u0119ki temu wszelkie modyfikacje w terapii dokonuj\u0105 si\u0119 niemal w czasie rzeczywistym, co zwi\u0119ksza <strong>komunikacja<\/strong> mi\u0119dzy specjalistami a pacjentami.<\/p>\n<h3>Telemedycyna i konsultacje zdalne<\/h3>\n<p>Rozwi\u0105zania telemedyczne odgrywaj\u0105 coraz wi\u0119ksz\u0105 rol\u0119, zw\u0142aszcza w przypadku pacjent\u00f3w mieszkaj\u0105cych w odleg\u0142ych regionach. Teleporady pozwalaj\u0105 na:<\/p>\n<ul>\n<li>przeprowadzanie wst\u0119pnej konsultacji bez konieczno\u015bci wizyty w gabinecie,<\/li>\n<li>monitorowanie stanu pacjenta za pomoc\u0105 urz\u0105dze\u0144 biosensorycznych,<\/li>\n<li>udzielanie szybkich konsultacji lekarskich w systemie 24\/7.<\/li>\n<\/ul>\n<p>Dzi\u0119ki us\u0142ugom zdalnym lekarz mo\u017ce lepiej roz\u0142o\u017cy\u0107 swoje obci\u0105\u017cenie, unikaj\u0105c zat\u0142oczonych poczekalni i skracaj\u0105c czas podr\u00f3\u017cy pacjent\u00f3w.<\/p>\n<h3>Platformy do zarz\u0105dzania czasem i zadaniami<\/h3>\n<p>Dost\u0119pne na rynku aplikacje i programy do organizacji pracy umo\u017cliwiaj\u0105:<\/p>\n<ul>\n<li>tworzenie interaktywnych kalendarzy,<\/li>\n<li>przypominanie o terminach bada\u0144 i szczepie\u0144,<\/li>\n<li>monitorowanie ob\u0142o\u017cenia gabinetu.<\/li>\n<\/ul>\n<p>Funkcje analityczne tych narz\u0119dzi pozwalaj\u0105 na ocen\u0119 obci\u0105\u017cenia personelu i optymalizacj\u0119 grafiku, poprawiaj\u0105c og\u00f3ln\u0105 <strong>efektywno\u015b\u0107<\/strong> plac\u00f3wki.<\/p>\n<h2>Integracja \u017cycia zawodowego i prywatnego<\/h2>\n<p>Utrzymanie w\u0142a\u015bciwej <strong>r\u00f3wnowaga<\/strong> pomi\u0119dzy obowi\u0105zkami zawodowymi a \u017cyciem prywatnym bywa najwi\u0119kszym wyzwaniem dla lekarzy. Intensywny grafik, wymagaj\u0105ce dy\u017cury i presja emocjonalna mog\u0105 prowadzi\u0107 do wypalenia zawodowego.<\/p>\n<h3>Zasady dbania o regeneracj\u0119<\/h3>\n<p>Lekarze stosuj\u0105 r\u00f3\u017cnorodne metody regeneracji psychofizycznej, takie jak:<\/p>\n<ul>\n<li>regularna aktywno\u015b\u0107 fizyczna (joga, bieganie, p\u0142ywanie),<\/li>\n<li>seanse mindfulness i treningi oddechowe,<\/li>\n<li>kr\u00f3tkie drzemki po dy\u017curach.<\/li>\n<\/ul>\n<p>Warto w harmonogramie uwzgl\u0119dni\u0107 co najmniej 30 minut dziennego relaksu, co zwi\u0119ksza wydajno\u015b\u0107 podczas pracy.<\/p>\n<h3>Elastyczno\u015b\u0107 grafiku pracy<\/h3>\n<p>Model elastycznych godzin pracy daje lekarzom mo\u017cliwo\u015b\u0107 dostosowania grafiku do osobistych potrzeb. Dzi\u0119ki <strong>elastyczno\u015b\u0107<\/strong> mo\u017cna np. skr\u00f3ci\u0107 poranne wizyty w jednym tygodniu i w zamian przeznaczy\u0107 wi\u0119cej czasu na konsultacje wieczorne lub dy\u017cury nocne.<\/p>\n<h3>Wsparcie zespo\u0142owe<\/h3>\n<p>Praca w zespole multidyscyplinarnym to nie tylko korzy\u015b\u0107 dla pacjenta, ale i spos\u00f3b na odci\u0105\u017cenie lekarza. Zesp\u00f3\u0142 sk\u0142adaj\u0105cy si\u0119 z:<\/p>\n<ul>\n<li>piel\u0119gniarek rodzinnych,<\/li>\n<li>psycholog\u00f3w i fizjoterapeut\u00f3w,<\/li>\n<li>koordynator\u00f3w opieki paliatywnej<\/li>\n<\/ul>\n<p>umo\u017cliwia rozdzielenie zada\u0144 i dzielenie si\u0119 odpowiedzialno\u015bci\u0105, co sprzyja zdrowej atmosferze w pracy.<\/p>\n<h2>Nieustanny rozw\u00f3j \u2013 szkolenia i konferencje<\/h2>\n<p>Aby nad\u0105\u017cy\u0107 za post\u0119pem medycyny, lekarze musz\u0105 systematycznie uczestniczy\u0107 w <strong>szkolenia<\/strong> i sympozjach naukowych. Planowanie udzia\u0142u w wydarzeniach edukacyjnych stanowi kolejny element zarz\u0105dzania czasem pracy.<\/p>\n<h3>Wyb\u00f3r odpowiednich kurs\u00f3w<\/h3>\n<p>Decyzja, w kt\u00f3rych szkoleniach uczestniczy\u0107, opiera si\u0119 na potrzebach w\u0142asnego rozwoju i profilu specjalizacji. Lekarz mo\u017ce skorzysta\u0107 z:<\/p>\n<ul>\n<li>kurs\u00f3w online umo\u017cliwiaj\u0105cych nauk\u0119 we w\u0142asnym tempie,<\/li>\n<li>szkole\u0144 praktycznych z cadaver lab lub symulatorami,<\/li>\n<li>webinar\u00f3w transmitowanych z konferencji krajowych i zagranicznych.<\/li>\n<\/ul>\n<h3>Strategiczne planowanie bud\u017cetu czasu<\/h3>\n<p>Wa\u017cne jest, by w kalendarzu z uwag\u0105 podchodzi\u0107 do ograniczonego czasu wolnego. Wyb\u00f3r szkolenia trzydniowego zamiast tygodniowego mo\u017ce lepiej wpisa\u0107 si\u0119 w grafik, nie zak\u0142\u00f3caj\u0105c ci\u0105g\u0142o\u015bci opieki nad pacjentami.<\/p>\n<h3>Wykorzystanie wiedzy w praktyce<\/h3>\n<p>Bezpo\u015brednie zastosowanie zdobytych umiej\u0119tno\u015bci wymaga utworzenia planu wdro\u017ceniowego. Lekarz mo\u017ce:<\/p>\n<ul>\n<li>przeprowadzi\u0107 warsztaty wewn\u0105trz zespo\u0142u,<\/li>\n<li>opracowa\u0107 procedury zgodnie z nowymi standardami,<\/li>\n<li>monitorowa\u0107 efekty wdro\u017ce\u0144 w kolejnych miesi\u0105cach.<\/li>\n<\/ul>\n<p>Dzi\u0119ki temu szkolenia staj\u0105 si\u0119 realnym wsparciem dla poprawy jako\u015bci us\u0142ug medycznych.<\/p>\n","protected":false},"excerpt":{"rendered":"<p>Lekarze to grupa zawodowa, kt\u00f3rej praca wymaga nieustannego zaanga\u017cowania, dynamicznego reagowania na potrzeby pacjent\u00f3w oraz sta\u0142ego podnoszenia kwalifikacji. Organizacja czasu pracy w plac\u00f3wkach medycznych to z\u0142o\u017cony proces, oparty na \u0142\u0105czeniu&hellip;<\/p>\n","protected":false},"author":1,"featured_media":1047,"comment_status":"closed","ping_status":"closed","sticky":false,"template":"","format":"standard","meta":{"footnotes":""},"categories":[1],"tags":[102,201,202],"class_list":["post-1048","post","type-post","status-publish","format-standard","has-post-thumbnail","hentry","category-lekarze","tag-lekarze","tag-organizacja-czasu-pracy","tag-planowanie-dnia"],"yoast_head":"<!-- This site is optimized with the Yoast SEO plugin v27.2 - https:\/\/yoast.com\/product\/yoast-seo-wordpress\/ -->\n<title>Jak lekarze organizuj\u0105 sw\u00f3j czas pracy - \u015awiat lekarzy<\/title>\n<meta name=\"robots\" content=\"index, follow, max-snippet:-1, max-image-preview:large, max-video-preview:-1\" \/>\n<link rel=\"canonical\" href=\"https:\/\/swiatlekarzy.pl\/index.php\/2026\/01\/31\/jak-lekarze-organizuja-swoj-czas-pracy\/\" \/>\n<meta property=\"og:locale\" content=\"pl_PL\" \/>\n<meta property=\"og:type\" content=\"article\" \/>\n<meta property=\"og:title\" content=\"Jak lekarze organizuj\u0105 sw\u00f3j czas pracy - \u015awiat lekarzy\" \/>\n<meta property=\"og:description\" content=\"Lekarze to grupa zawodowa, kt\u00f3rej praca wymaga nieustannego zaanga\u017cowania, dynamicznego reagowania na potrzeby pacjent\u00f3w oraz sta\u0142ego podnoszenia kwalifikacji. Organizacja czasu pracy w plac\u00f3wkach medycznych to z\u0142o\u017cony proces, oparty na \u0142\u0105czeniu&hellip;\" \/>\n<meta property=\"og:url\" content=\"https:\/\/swiatlekarzy.pl\/index.php\/2026\/01\/31\/jak-lekarze-organizuja-swoj-czas-pracy\/\" \/>\n<meta property=\"og:site_name\" content=\"\u015awiat lekarzy\" \/>\n<meta property=\"article:published_time\" content=\"2026-01-31T18:20:11+00:00\" \/>\n<meta name=\"author\" content=\"admin\" \/>\n<meta name=\"twitter:card\" content=\"summary_large_image\" \/>\n<meta name=\"twitter:label1\" content=\"Napisane przez\" \/>\n\t<meta name=\"twitter:data1\" content=\"admin\" \/>\n\t<meta name=\"twitter:label2\" content=\"Szacowany czas czytania\" \/>\n\t<meta name=\"twitter:data2\" content=\"5 minut\" \/>\n<script type=\"application\/ld+json\" class=\"yoast-schema-graph\">{\"@context\":\"https:\/\/schema.org\",\"@graph\":[{\"@type\":\"Article\",\"@id\":\"https:\/\/swiatlekarzy.pl\/index.php\/2026\/01\/31\/jak-lekarze-organizuja-swoj-czas-pracy\/#article\",\"isPartOf\":{\"@id\":\"https:\/\/swiatlekarzy.pl\/index.php\/2026\/01\/31\/jak-lekarze-organizuja-swoj-czas-pracy\/\"},\"author\":{\"name\":\"admin\",\"@id\":\"https:\/\/swiatlekarzy.pl\/#\/schema\/person\/15771394dd49b5a21fbd960a2ec3754b\"},\"headline\":\"Jak lekarze organizuj\u0105 sw\u00f3j czas pracy\",\"datePublished\":\"2026-01-31T18:20:11+00:00\",\"mainEntityOfPage\":{\"@id\":\"https:\/\/swiatlekarzy.pl\/index.php\/2026\/01\/31\/jak-lekarze-organizuja-swoj-czas-pracy\/\"},\"wordCount\":945,\"image\":{\"@id\":\"https:\/\/swiatlekarzy.pl\/index.php\/2026\/01\/31\/jak-lekarze-organizuja-swoj-czas-pracy\/#primaryimage\"},\"thumbnailUrl\":\"https:\/\/swiatlekarzy.pl\/wp-content\/uploads\/2026\/01\/output1-26.png\",\"keywords\":[\"lekarze\",\"organizacja czasu pracy\",\"planowanie dnia\"],\"articleSection\":[\"lekarze\"],\"inLanguage\":\"pl-PL\"},{\"@type\":\"WebPage\",\"@id\":\"https:\/\/swiatlekarzy.pl\/index.php\/2026\/01\/31\/jak-lekarze-organizuja-swoj-czas-pracy\/\",\"url\":\"https:\/\/swiatlekarzy.pl\/index.php\/2026\/01\/31\/jak-lekarze-organizuja-swoj-czas-pracy\/\",\"name\":\"Jak lekarze organizuj\u0105 sw\u00f3j czas pracy - \u015awiat lekarzy\",\"isPartOf\":{\"@id\":\"https:\/\/swiatlekarzy.pl\/#website\"},\"primaryImageOfPage\":{\"@id\":\"https:\/\/swiatlekarzy.pl\/index.php\/2026\/01\/31\/jak-lekarze-organizuja-swoj-czas-pracy\/#primaryimage\"},\"image\":{\"@id\":\"https:\/\/swiatlekarzy.pl\/index.php\/2026\/01\/31\/jak-lekarze-organizuja-swoj-czas-pracy\/#primaryimage\"},\"thumbnailUrl\":\"https:\/\/swiatlekarzy.pl\/wp-content\/uploads\/2026\/01\/output1-26.png\",\"datePublished\":\"2026-01-31T18:20:11+00:00\",\"author\":{\"@id\":\"https:\/\/swiatlekarzy.pl\/#\/schema\/person\/15771394dd49b5a21fbd960a2ec3754b\"},\"breadcrumb\":{\"@id\":\"https:\/\/swiatlekarzy.pl\/index.php\/2026\/01\/31\/jak-lekarze-organizuja-swoj-czas-pracy\/#breadcrumb\"},\"inLanguage\":\"pl-PL\",\"potentialAction\":[{\"@type\":\"ReadAction\",\"target\":[\"https:\/\/swiatlekarzy.pl\/index.php\/2026\/01\/31\/jak-lekarze-organizuja-swoj-czas-pracy\/\"]}]},{\"@type\":\"ImageObject\",\"inLanguage\":\"pl-PL\",\"@id\":\"https:\/\/swiatlekarzy.pl\/index.php\/2026\/01\/31\/jak-lekarze-organizuja-swoj-czas-pracy\/#primaryimage\",\"url\":\"https:\/\/swiatlekarzy.pl\/wp-content\/uploads\/2026\/01\/output1-26.png\",\"contentUrl\":\"https:\/\/swiatlekarzy.pl\/wp-content\/uploads\/2026\/01\/output1-26.png\",\"width\":1024,\"height\":1024},{\"@type\":\"BreadcrumbList\",\"@id\":\"https:\/\/swiatlekarzy.pl\/index.php\/2026\/01\/31\/jak-lekarze-organizuja-swoj-czas-pracy\/#breadcrumb\",\"itemListElement\":[{\"@type\":\"ListItem\",\"position\":1,\"name\":\"Strona g\u0142\u00f3wna\",\"item\":\"https:\/\/swiatlekarzy.pl\/\"},{\"@type\":\"ListItem\",\"position\":2,\"name\":\"Jak lekarze organizuj\u0105 sw\u00f3j czas pracy\"}]},{\"@type\":\"WebSite\",\"@id\":\"https:\/\/swiatlekarzy.pl\/#website\",\"url\":\"https:\/\/swiatlekarzy.pl\/\",\"name\":\"\u015awiat lekarzy\",\"description\":\"portal dla lekarzy\",\"potentialAction\":[{\"@type\":\"SearchAction\",\"target\":{\"@type\":\"EntryPoint\",\"urlTemplate\":\"https:\/\/swiatlekarzy.pl\/?s={search_term_string}\"},\"query-input\":{\"@type\":\"PropertyValueSpecification\",\"valueRequired\":true,\"valueName\":\"search_term_string\"}}],\"inLanguage\":\"pl-PL\"},{\"@type\":\"Person\",\"@id\":\"https:\/\/swiatlekarzy.pl\/#\/schema\/person\/15771394dd49b5a21fbd960a2ec3754b\",\"name\":\"admin\",\"image\":{\"@type\":\"ImageObject\",\"inLanguage\":\"pl-PL\",\"@id\":\"https:\/\/secure.gravatar.com\/avatar\/4e609b381659f1df9d3dea107e3c05fa9ad22a194ec1799dd9a433deddc1fe2c?s=96&d=mm&r=g\",\"url\":\"https:\/\/secure.gravatar.com\/avatar\/4e609b381659f1df9d3dea107e3c05fa9ad22a194ec1799dd9a433deddc1fe2c?s=96&d=mm&r=g\",\"contentUrl\":\"https:\/\/secure.gravatar.com\/avatar\/4e609b381659f1df9d3dea107e3c05fa9ad22a194ec1799dd9a433deddc1fe2c?s=96&d=mm&r=g\",\"caption\":\"admin\"},\"sameAs\":[\"https:\/\/swiatlekarzy.pl\"],\"url\":\"https:\/\/swiatlekarzy.pl\/index.php\/author\/admin\/\"}]}<\/script>\n<!-- \/ Yoast SEO plugin. -->","yoast_head_json":{"title":"Jak lekarze organizuj\u0105 sw\u00f3j czas pracy - \u015awiat lekarzy","robots":{"index":"index","follow":"follow","max-snippet":"max-snippet:-1","max-image-preview":"max-image-preview:large","max-video-preview":"max-video-preview:-1"},"canonical":"https:\/\/swiatlekarzy.pl\/index.php\/2026\/01\/31\/jak-lekarze-organizuja-swoj-czas-pracy\/","og_locale":"pl_PL","og_type":"article","og_title":"Jak lekarze organizuj\u0105 sw\u00f3j czas pracy - \u015awiat lekarzy","og_description":"Lekarze to grupa zawodowa, kt\u00f3rej praca wymaga nieustannego zaanga\u017cowania, dynamicznego reagowania na potrzeby pacjent\u00f3w oraz sta\u0142ego podnoszenia kwalifikacji. Organizacja czasu pracy w plac\u00f3wkach medycznych to z\u0142o\u017cony proces, oparty na \u0142\u0105czeniu&hellip;","og_url":"https:\/\/swiatlekarzy.pl\/index.php\/2026\/01\/31\/jak-lekarze-organizuja-swoj-czas-pracy\/","og_site_name":"\u015awiat lekarzy","article_published_time":"2026-01-31T18:20:11+00:00","author":"admin","twitter_card":"summary_large_image","twitter_misc":{"Napisane przez":"admin","Szacowany czas czytania":"5 minut"},"schema":{"@context":"https:\/\/schema.org","@graph":[{"@type":"Article","@id":"https:\/\/swiatlekarzy.pl\/index.php\/2026\/01\/31\/jak-lekarze-organizuja-swoj-czas-pracy\/#article","isPartOf":{"@id":"https:\/\/swiatlekarzy.pl\/index.php\/2026\/01\/31\/jak-lekarze-organizuja-swoj-czas-pracy\/"},"author":{"name":"admin","@id":"https:\/\/swiatlekarzy.pl\/#\/schema\/person\/15771394dd49b5a21fbd960a2ec3754b"},"headline":"Jak lekarze organizuj\u0105 sw\u00f3j czas pracy","datePublished":"2026-01-31T18:20:11+00:00","mainEntityOfPage":{"@id":"https:\/\/swiatlekarzy.pl\/index.php\/2026\/01\/31\/jak-lekarze-organizuja-swoj-czas-pracy\/"},"wordCount":945,"image":{"@id":"https:\/\/swiatlekarzy.pl\/index.php\/2026\/01\/31\/jak-lekarze-organizuja-swoj-czas-pracy\/#primaryimage"},"thumbnailUrl":"https:\/\/swiatlekarzy.pl\/wp-content\/uploads\/2026\/01\/output1-26.png","keywords":["lekarze","organizacja czasu pracy","planowanie dnia"],"articleSection":["lekarze"],"inLanguage":"pl-PL"},{"@type":"WebPage","@id":"https:\/\/swiatlekarzy.pl\/index.php\/2026\/01\/31\/jak-lekarze-organizuja-swoj-czas-pracy\/","url":"https:\/\/swiatlekarzy.pl\/index.php\/2026\/01\/31\/jak-lekarze-organizuja-swoj-czas-pracy\/","name":"Jak lekarze organizuj\u0105 sw\u00f3j czas pracy - \u015awiat lekarzy","isPartOf":{"@id":"https:\/\/swiatlekarzy.pl\/#website"},"primaryImageOfPage":{"@id":"https:\/\/swiatlekarzy.pl\/index.php\/2026\/01\/31\/jak-lekarze-organizuja-swoj-czas-pracy\/#primaryimage"},"image":{"@id":"https:\/\/swiatlekarzy.pl\/index.php\/2026\/01\/31\/jak-lekarze-organizuja-swoj-czas-pracy\/#primaryimage"},"thumbnailUrl":"https:\/\/swiatlekarzy.pl\/wp-content\/uploads\/2026\/01\/output1-26.png","datePublished":"2026-01-31T18:20:11+00:00","author":{"@id":"https:\/\/swiatlekarzy.pl\/#\/schema\/person\/15771394dd49b5a21fbd960a2ec3754b"},"breadcrumb":{"@id":"https:\/\/swiatlekarzy.pl\/index.php\/2026\/01\/31\/jak-lekarze-organizuja-swoj-czas-pracy\/#breadcrumb"},"inLanguage":"pl-PL","potentialAction":[{"@type":"ReadAction","target":["https:\/\/swiatlekarzy.pl\/index.php\/2026\/01\/31\/jak-lekarze-organizuja-swoj-czas-pracy\/"]}]},{"@type":"ImageObject","inLanguage":"pl-PL","@id":"https:\/\/swiatlekarzy.pl\/index.php\/2026\/01\/31\/jak-lekarze-organizuja-swoj-czas-pracy\/#primaryimage","url":"https:\/\/swiatlekarzy.pl\/wp-content\/uploads\/2026\/01\/output1-26.png","contentUrl":"https:\/\/swiatlekarzy.pl\/wp-content\/uploads\/2026\/01\/output1-26.png","width":1024,"height":1024},{"@type":"BreadcrumbList","@id":"https:\/\/swiatlekarzy.pl\/index.php\/2026\/01\/31\/jak-lekarze-organizuja-swoj-czas-pracy\/#breadcrumb","itemListElement":[{"@type":"ListItem","position":1,"name":"Strona g\u0142\u00f3wna","item":"https:\/\/swiatlekarzy.pl\/"},{"@type":"ListItem","position":2,"name":"Jak lekarze organizuj\u0105 sw\u00f3j czas pracy"}]},{"@type":"WebSite","@id":"https:\/\/swiatlekarzy.pl\/#website","url":"https:\/\/swiatlekarzy.pl\/","name":"\u015awiat lekarzy","description":"portal dla lekarzy","potentialAction":[{"@type":"SearchAction","target":{"@type":"EntryPoint","urlTemplate":"https:\/\/swiatlekarzy.pl\/?s={search_term_string}"},"query-input":{"@type":"PropertyValueSpecification","valueRequired":true,"valueName":"search_term_string"}}],"inLanguage":"pl-PL"},{"@type":"Person","@id":"https:\/\/swiatlekarzy.pl\/#\/schema\/person\/15771394dd49b5a21fbd960a2ec3754b","name":"admin","image":{"@type":"ImageObject","inLanguage":"pl-PL","@id":"https:\/\/secure.gravatar.com\/avatar\/4e609b381659f1df9d3dea107e3c05fa9ad22a194ec1799dd9a433deddc1fe2c?s=96&d=mm&r=g","url":"https:\/\/secure.gravatar.com\/avatar\/4e609b381659f1df9d3dea107e3c05fa9ad22a194ec1799dd9a433deddc1fe2c?s=96&d=mm&r=g","contentUrl":"https:\/\/secure.gravatar.com\/avatar\/4e609b381659f1df9d3dea107e3c05fa9ad22a194ec1799dd9a433deddc1fe2c?s=96&d=mm&r=g","caption":"admin"},"sameAs":["https:\/\/swiatlekarzy.pl"],"url":"https:\/\/swiatlekarzy.pl\/index.php\/author\/admin\/"}]}},"_links":{"self":[{"href":"https:\/\/swiatlekarzy.pl\/index.php\/wp-json\/wp\/v2\/posts\/1048","targetHints":{"allow":["GET"]}}],"collection":[{"href":"https:\/\/swiatlekarzy.pl\/index.php\/wp-json\/wp\/v2\/posts"}],"about":[{"href":"https:\/\/swiatlekarzy.pl\/index.php\/wp-json\/wp\/v2\/types\/post"}],"author":[{"embeddable":true,"href":"https:\/\/swiatlekarzy.pl\/index.php\/wp-json\/wp\/v2\/users\/1"}],"replies":[{"embeddable":true,"href":"https:\/\/swiatlekarzy.pl\/index.php\/wp-json\/wp\/v2\/comments?post=1048"}],"version-history":[{"count":0,"href":"https:\/\/swiatlekarzy.pl\/index.php\/wp-json\/wp\/v2\/posts\/1048\/revisions"}],"wp:featuredmedia":[{"embeddable":true,"href":"https:\/\/swiatlekarzy.pl\/index.php\/wp-json\/wp\/v2\/media\/1047"}],"wp:attachment":[{"href":"https:\/\/swiatlekarzy.pl\/index.php\/wp-json\/wp\/v2\/media?parent=1048"}],"wp:term":[{"taxonomy":"category","embeddable":true,"href":"https:\/\/swiatlekarzy.pl\/index.php\/wp-json\/wp\/v2\/categories?post=1048"},{"taxonomy":"post_tag","embeddable":true,"href":"https:\/\/swiatlekarzy.pl\/index.php\/wp-json\/wp\/v2\/tags?post=1048"}],"curies":[{"name":"wp","href":"https:\/\/api.w.org\/{rel}","templated":true}]}}